{"id":407,"date":"2016-04-05T14:40:55","date_gmt":"2016-04-05T13:40:55","guid":{"rendered":"http:\/\/www.juliebessard.com\/wp\/?p=407"},"modified":"2016-05-10T17:33:53","modified_gmt":"2016-05-10T16:33:53","slug":"suspensions-la-voie-du-milieu","status":"publish","type":"post","link":"https:\/\/juliebessard.com\/fr\/suspensions-la-voie-du-milieu\/","title":{"rendered":"Suspensions\u2026 la voie du milieu"},"content":{"rendered":"<h1>Suspensions\u2026<br \/>\nla voie du milieu<\/h1>\n<h2>Spectacle en r\u00e9sidence et cr\u00e9\u00e9 au Centre culturel de rencontres Fonds Saint-Jacques, Martinique, Cara\u00efbes. Avec le soutien de la Drac et du Conseil r\u00e9gional de la Martinique.<\/h2>\n<h3>Cr\u00e9ateurs&nbsp;:<br \/>\nJosiane Antourel (danse), Dominique Batraville (textes), Julie Bessard (arts plastiques), Fr\u00e9deric Lagnau (graphisme\/vid\u00e9o),\u00a0Andr\u00e9 Serre-Milan (composition musicale)<\/h3>\n<h3>\u2028Invit\u00e9 ponctuel&nbsp;:<br \/>\nRuddy Sylaire (mise en sc\u00e8ne)<\/h3>\n<hr \/>\n<p>La notion d\u2019insularit\u00e9 et sa relation \u00e0 la terre, l\u2019eau et l\u2019air.\u2028 O\u00f9 l\u2019\u00eele serait un bateau fix\u00e9 en son ancrage, battu par les vents, \u2028entour\u00e9 d\u2019eau\u2026 ajour\u00e9 d\u2019\u00eeles. O\u00f9 l\u2019humanit\u00e9 et son rapport aux \u00e9l\u00e9ments seraient \u00e0 r\u00e9inventer en tous points. Comme si la finitude consciente de l\u2019\u00e9l\u00e9ment Terre se rapprochait de notre corps et devenait palpable, dans notre espace et notre temps. Comme si la mort et la vie se rencontraient l\u2019une l\u2019autre, de mani\u00e8re indissociable, s\u2019\u00e9changeant tour \u00e0 tour les r\u00f4les&nbsp;: la mer, la mort, la terre, la vie, la vie, la terre, la mort, la mer\u2026 Et le vent&nbsp;? Il serait le lien, il serait le d\u00e9part, il serait le retour\u2026 aux sources.<\/p>","protected":false},"excerpt":{"rendered":"<p>Suspensions\u2026 la voie du milieu Spectacle en r\u00e9sidence et cr\u00e9\u00e9 au Centre culturel de rencontres Fonds Saint-Jacques, Martinique, Cara\u00efbes. Avec le soutien de la Drac et du Conseil r\u00e9gional de la Martinique. Cr\u00e9ateurs&nbsp;: Josiane Antourel (danse), Dominique Batraville (textes), Julie Bessard (arts plastiques), Fr\u00e9deric Lagnau (graphisme\/vid\u00e9o),\u00a0Andr\u00e9 Serre-Milan (composition musicale) \u2028Invit\u00e9 ponctuel&nbsp;: Ruddy Sylaire (mise en [&hellip;]<\/p>","protected":false},"author":1,"featured_media":0,"comment_status":"closed","ping_status":"closed","sticky":false,"template":"","format":"standard","meta":{"footnotes":""},"categories":[25],"tags":[],"class_list":["post-407","post","type-post","status-publish","format-standard","hentry","category-residences"],"_links":{"self":[{"href":"https:\/\/juliebessard.com\/fr\/wp-json\/wp\/v2\/posts\/407","targetHints":{"allow":["GET"]}}],"collection":[{"href":"https:\/\/juliebessard.com\/fr\/wp-json\/wp\/v2\/posts"}],"about":[{"href":"https:\/\/juliebessard.com\/fr\/wp-json\/wp\/v2\/types\/post"}],"author":[{"embeddable":true,"href":"https:\/\/juliebessard.com\/fr\/wp-json\/wp\/v2\/users\/1"}],"replies":[{"embeddable":true,"href":"https:\/\/juliebessard.com\/fr\/wp-json\/wp\/v2\/comments?post=407"}],"version-history":[{"count":6,"href":"https:\/\/juliebessard.com\/fr\/wp-json\/wp\/v2\/posts\/407\/revisions"}],"predecessor-version":[{"id":443,"href":"https:\/\/juliebessard.com\/fr\/wp-json\/wp\/v2\/posts\/407\/revisions\/443"}],"wp:attachment":[{"href":"https:\/\/juliebessard.com\/fr\/wp-json\/wp\/v2\/media?parent=407"}],"wp:term":[{"taxonomy":"category","embeddable":true,"href":"https:\/\/juliebessard.com\/fr\/wp-json\/wp\/v2\/categories?post=407"},{"taxonomy":"post_tag","embeddable":true,"href":"https:\/\/juliebessard.com\/fr\/wp-json\/wp\/v2\/tags?post=407"}],"curies":[{"name":"wp","href":"https:\/\/api.w.org\/{rel}","templated":true}]}}